{"id":4675,"global_id":"ugsel-finistere.org?id=4675","global_id_lineage":["ugsel-finistere.org?id=4675"],"author":"3","status":"publish","date":"2025-12-01 14:37:11","date_utc":"2025-12-01 13:37:11","modified":"2026-02-12 16:06:04","modified_utc":"2026-02-12 15:06:04","url":"https:\/\/ugsel-finistere.org\/index.php\/calendrier\/gymnastique-artistique-regional-elite\/","rest_url":"https:\/\/ugsel-finistere.org\/index.php\/wp-json\/tribe\/events\/v1\/events\/4675","title":"Gymnastique artistique : r\u00e9gional \u00e9lite \u00e0 Liffr\u00e9 (35)","description":"<div  class=\"tribe-events-schedule tribe-clearfix\" >\n\t<p class=\"tribe-events-schedule__datetime\">\n\t\t<span class=\"tribe-events-schedule__date tribe-events-schedule__date--start\">\n\t\t\t\t\t<\/span>\n\n\t\t\t\t\t<span class=\"tribe-events-schedule__separator tribe-events-schedule__separator--date\">\n\t\t\t\t&#8211;\t\t\t<\/span>\n\t\t\t<span class=\"tribe-events-schedule__time tribe-events-schedule__time--start\">\n\t\t\t\t\t\t\t<\/span>\n\t\t\n\t\t\t<\/p>\n<\/div>\n\n\n\n<div id=\"wp-block-themeisle-blocks-button-group-d351e05f\" class=\"wp-block-themeisle-blocks-button-group wp-block-buttons\">\n<div id=\"wp-block-themeisle-blocks-button-6f568115\" class=\"wp-block-themeisle-blocks-button wp-block-button\"><a href=\"https:\/\/www.ugsel-bretagne.org\/competitions\/categorie\/sports-individuels\/gymnastique-artistique\/\" target=\"_blank\" rel=\"noopener noreferrer\" class=\"wp-block-button__link\"><span>Lien vers la page r\u00e9gionale<\/span><\/a><\/div>\n<\/div>\n\n\n\n<p><\/p>\n\n\n\n<p><\/p>","excerpt":"","slug":"gymnastique-artistique-regional-elite","image":{"url":"https:\/\/ugsel-finistere.org\/wp-content\/uploads\/2025\/12\/cc33e0d1-351c-46c8-aa05-68b5cebe41a0-e1765550664424.jpg","id":4976,"extension":"jpg","width":1024,"height":650,"filesize":101962,"sizes":{"medium":{"width":300,"height":190,"mime-type":"image\/jpeg","filesize":17293,"url":"https:\/\/ugsel-finistere.org\/wp-content\/uploads\/2025\/12\/cc33e0d1-351c-46c8-aa05-68b5cebe41a0-e1765550664424-300x190.jpg"},"thumbnail":{"width":150,"height":150,"mime-type":"image\/jpeg","filesize":10583,"url":"https:\/\/ugsel-finistere.org\/wp-content\/uploads\/2025\/12\/cc33e0d1-351c-46c8-aa05-68b5cebe41a0-e1765550664424-150x150.jpg"},"medium_large":{"width":768,"height":488,"mime-type":"image\/jpeg","filesize":56587,"url":"https:\/\/ugsel-finistere.org\/wp-content\/uploads\/2025\/12\/cc33e0d1-351c-46c8-aa05-68b5cebe41a0-e1765550664424-768x488.jpg"},"neve-blog":{"width":930,"height":620,"mime-type":"image\/jpeg","filesize":77742,"url":"https:\/\/ugsel-finistere.org\/wp-content\/uploads\/2025\/12\/cc33e0d1-351c-46c8-aa05-68b5cebe41a0-e1765550664424-930x620.jpg"}}},"all_day":false,"start_date":"2026-03-11 08:00:00","start_date_details":{"year":"2026","month":"03","day":"11","hour":"08","minutes":"00","seconds":"00"},"end_date":"2026-03-11 17:00:00","end_date_details":{"year":"2026","month":"03","day":"11","hour":"17","minutes":"00","seconds":"00"},"utc_start_date":"2026-03-11 07:00:00","utc_start_date_details":{"year":"2026","month":"03","day":"11","hour":"07","minutes":"00","seconds":"00"},"utc_end_date":"2026-03-11 16:00:00","utc_end_date_details":{"year":"2026","month":"03","day":"11","hour":"16","minutes":"00","seconds":"00"},"timezone":"Europe\/Paris","timezone_abbr":"","cost":"","cost_details":{"currency_symbol":"\u20ac","currency_code":"EUR","currency_position":"suffix","values":[]},"website":"","show_map":false,"show_map_link":false,"hide_from_listings":false,"sticky":false,"featured":false,"categories":[{"name":"Gymnastique artistique","slug":"gymnastique-artistique","term_group":0,"term_taxonomy_id":8,"taxonomy":"tribe_events_cat","description":"","parent":0,"count":7,"filter":"raw","id":8,"urls":{"self":"https:\/\/ugsel-finistere.org\/index.php\/wp-json\/tribe\/events\/v1\/categories\/8","collection":"https:\/\/ugsel-finistere.org\/index.php\/wp-json\/tribe\/events\/v1\/categories"}}],"tags":[],"venue":[],"organizer":[],"custom_fields":[],"json_ld":{"@context":"http:\/\/schema.org","@type":"Event","name":"Gymnastique artistique : r\u00e9gional \u00e9lite \u00e0 Liffr\u00e9 (35)","description":"","image":"https:\/\/ugsel-finistere.org\/wp-content\/uploads\/2025\/12\/cc33e0d1-351c-46c8-aa05-68b5cebe41a0-e1765550664424.jpg","url":"https:\/\/ugsel-finistere.org\/index.php\/calendrier\/gymnastique-artistique-regional-elite\/","eventAttendanceMode":"https:\/\/schema.org\/OfflineEventAttendanceMode","eventStatus":"https:\/\/schema.org\/EventScheduled","startDate":"2026-03-11T08:00:00+01:00","endDate":"2026-03-11T17:00:00+01:00","performer":"Organization"},"is_virtual":false,"virtual_url":null,"virtual_video_source":""}